{"id":4476,"date":"2026-01-26T22:43:03","date_gmt":"2026-01-26T22:43:03","guid":{"rendered":"https:\/\/seetravels.com.ar\/web\/?p=4476"},"modified":"2026-04-29T14:11:19","modified_gmt":"2026-04-29T14:11:19","slug":"mendoza-fsl-marzo-xxl-y-semana-santa","status":"publish","type":"post","link":"https:\/\/seetravels.com.ar\/web\/mendoza-fsl-marzo-xxl-y-semana-santa\/","title":{"rendered":"Mendoza BUS &#8211; Feriado Junio (03n.) Vacac.Invierno (04n.)"},"content":{"rendered":"\n<p><strong><em>Mendoza BUS<\/em><\/strong><em><br><\/em>Feriado de Junio (03 noches)<br>Vacaciones del Invierno (04 noches)<\/p>\n\n\n\n<p>D\u00eda de salida:<strong><em><br>11 de Junio 2026 Feriado Largo<\/em><\/strong><em><strong> (03 noches)<\/strong><\/em><br><strong><em>07 de Julio 2026 Vacaciones de Invierno (04 noches)<br>13 de Julio 2026 Vacaciones de Invierno (04 noches)<\/em><\/strong><br><\/p>\n\n\n\n<p>Lugares de embarque:<br><strong><em>Paran\u00e1 &#8211; Santa Fe &#8211; Arocena &#8211; San Lorenzo<\/em><\/strong><br><strong><em>ROSARIO \u2013 Casilda &#8211; Firmat &#8211; Venado Tuerto<\/em><\/strong><\/p>\n\n\n\n<p><em>Incluye:<\/em><br>\u2013 Bus S\u00faper Confort Semi Cama<br>\u2013 Coordinador guia permanente<br>\u2013 Alojamiento, r\u00e9gimen seg\u00fan opci\u00f3n<br>&#8211; City tour y visita a una bodega<br><br><em>Butacas Cama en Planta Baja: Adicionar $ 40.000 neto<br>Butacas Panor\u00e1micas o cafetera: Adicionar $ 30.000 neto<\/em><\/p>\n\n\n\n<p><strong><em><a href=\"https:\/\/www.sanremohotel.com.ar\/\" data-type=\"link\" data-id=\"https:\/\/www.sanremohotel.com.ar\/\" target=\"_blank\" rel=\"noreferrer noopener\">Hotel San Remo **<\/a><\/em><\/strong> &#8211; Av.Godoy Cruz 477 &#8211; Mendoza<\/p>\n\n\n\n<figure class=\"wp-block-gallery has-nested-images columns-default is-cropped wp-block-gallery-1 is-layout-flex wp-block-gallery-is-layout-flex\">\n<figure class=\"wp-block-image size-large\"><img decoding=\"async\" loading=\"lazy\" width=\"275\" height=\"183\" data-id=\"4020\" src=\"https:\/\/seetravels.com.ar\/web\/wp-content\/uploads\/2025\/04\/San-Remo-1-1.jpg\" alt=\"\" class=\"wp-image-4020\"\/><\/figure>\n\n\n\n<figure class=\"wp-block-image size-large\"><img decoding=\"async\" loading=\"lazy\" width=\"275\" height=\"183\" data-id=\"4022\" src=\"https:\/\/seetravels.com.ar\/web\/wp-content\/uploads\/2025\/04\/San-Remo-2-1.jpg\" alt=\"\" class=\"wp-image-4022\"\/><\/figure>\n\n\n\n<figure class=\"wp-block-image size-large\"><img decoding=\"async\" loading=\"lazy\" width=\"275\" height=\"183\" data-id=\"4021\" src=\"https:\/\/seetravels.com.ar\/web\/wp-content\/uploads\/2025\/04\/San-Remo-3-1.jpg\" alt=\"\" class=\"wp-image-4021\"\/><\/figure>\n<\/figure>\n\n\n\n<p><strong><em><a href=\"https:\/\/ariosto.net\/\" data-type=\"link\" data-id=\"https:\/\/ariosto.net\/\" target=\"_blank\" rel=\"noreferrer noopener\">Hotel Ariosto **<\/a><\/em><\/strong> &#8211; Infanta Mercedes de San Martin 48 &#8211; Mendoza<\/p>\n\n\n\n<figure class=\"wp-block-gallery has-nested-images columns-default is-cropped wp-block-gallery-3 is-layout-flex wp-block-gallery-is-layout-flex\">\n<figure class=\"wp-block-image size-large\"><img decoding=\"async\" loading=\"lazy\" width=\"275\" height=\"183\" data-id=\"3471\" src=\"https:\/\/seetravels.com.ar\/web\/wp-content\/uploads\/2024\/04\/Ariosto.jpg\" alt=\"\" class=\"wp-image-3471\"\/><\/figure>\n\n\n\n<figure class=\"wp-block-image size-large\"><img decoding=\"async\" loading=\"lazy\" width=\"259\" height=\"194\" data-id=\"3470\" src=\"https:\/\/seetravels.com.ar\/web\/wp-content\/uploads\/2024\/04\/Ariosto-III.jpg\" alt=\"\" class=\"wp-image-3470\"\/><\/figure>\n\n\n\n<figure class=\"wp-block-image size-large\"><img decoding=\"async\" loading=\"lazy\" width=\"259\" height=\"194\" data-id=\"3469\" src=\"https:\/\/seetravels.com.ar\/web\/wp-content\/uploads\/2024\/04\/Ariosto-II.jpg\" alt=\"\" class=\"wp-image-3469\"\/><\/figure>\n<\/figure>\n\n\n\n<p><strong><em><a rel=\"noreferrer noopener\" href=\"https:\/\/hotelsanmartinmendoza.com\/\" data-type=\"link\" data-id=\"https:\/\/hotelsanmartinmendoza.com\/\" target=\"_blank\">Hotel San Mart\u00edn ***<\/a><\/em><\/strong> &#8211; Espejo 435 &#8211; Mendoza<\/p>\n\n\n\n<figure class=\"wp-block-gallery has-nested-images columns-default is-cropped wp-block-gallery-5 is-layout-flex wp-block-gallery-is-layout-flex\">\n<figure class=\"wp-block-image size-large\"><img decoding=\"async\" loading=\"lazy\" width=\"300\" height=\"168\" data-id=\"4095\" src=\"https:\/\/seetravels.com.ar\/web\/wp-content\/uploads\/2025\/05\/SM-2.jpg\" alt=\"\" class=\"wp-image-4095\"\/><\/figure>\n\n\n\n<figure class=\"wp-block-image size-large\"><img decoding=\"async\" loading=\"lazy\" width=\"1020\" height=\"768\" data-id=\"4096\" src=\"https:\/\/seetravels.com.ar\/web\/wp-content\/uploads\/2025\/05\/SM-3-1.jpg\" alt=\"\" class=\"wp-image-4096\" srcset=\"https:\/\/seetravels.com.ar\/web\/wp-content\/uploads\/2025\/05\/SM-3-1.jpg 1020w, https:\/\/seetravels.com.ar\/web\/wp-content\/uploads\/2025\/05\/SM-3-1-300x226.jpg 300w, https:\/\/seetravels.com.ar\/web\/wp-content\/uploads\/2025\/05\/SM-3-1-768x578.jpg 768w\" sizes=\"(max-width: 1020px) 100vw, 1020px\" \/><\/figure>\n\n\n\n<figure class=\"wp-block-image size-large\"><img decoding=\"async\" loading=\"lazy\" width=\"1020\" height=\"768\" data-id=\"4097\" src=\"https:\/\/seetravels.com.ar\/web\/wp-content\/uploads\/2025\/05\/SM-1-1.jpg\" alt=\"\" class=\"wp-image-4097\" srcset=\"https:\/\/seetravels.com.ar\/web\/wp-content\/uploads\/2025\/05\/SM-1-1.jpg 1020w, https:\/\/seetravels.com.ar\/web\/wp-content\/uploads\/2025\/05\/SM-1-1-300x226.jpg 300w, https:\/\/seetravels.com.ar\/web\/wp-content\/uploads\/2025\/05\/SM-1-1-768x578.jpg 768w\" sizes=\"(max-width: 1020px) 100vw, 1020px\" \/><\/figure>\n<\/figure>\n\n\n\n<p><strong><em><a href=\"https:\/\/hotelcervantes.com.ar\/\" data-type=\"link\" data-id=\"https:\/\/hotelcervantes.com.ar\/\" target=\"_blank\" rel=\"noreferrer noopener\">Hotel Cervantes *** <\/a><\/em><\/strong>&#8211; Amigorena 65 &#8211; Mendoza<\/p>\n\n\n\n<figure class=\"wp-block-gallery has-nested-images columns-default is-cropped wp-block-gallery-7 is-layout-flex wp-block-gallery-is-layout-flex\">\n<figure class=\"wp-block-image size-large\"><img decoding=\"async\" loading=\"lazy\" width=\"700\" height=\"464\" data-id=\"2823\" src=\"https:\/\/seetravels.com.ar\/web\/wp-content\/uploads\/2023\/02\/Cervantes-I.jpg\" alt=\"\" class=\"wp-image-2823\" srcset=\"https:\/\/seetravels.com.ar\/web\/wp-content\/uploads\/2023\/02\/Cervantes-I.jpg 700w, https:\/\/seetravels.com.ar\/web\/wp-content\/uploads\/2023\/02\/Cervantes-I-300x199.jpg 300w\" sizes=\"(max-width: 700px) 100vw, 700px\" \/><\/figure>\n\n\n\n<figure class=\"wp-block-image size-large\"><img decoding=\"async\" loading=\"lazy\" width=\"800\" height=\"532\" data-id=\"2825\" src=\"https:\/\/seetravels.com.ar\/web\/wp-content\/uploads\/2023\/02\/Cervantes-II.jpg\" alt=\"\" class=\"wp-image-2825\" srcset=\"https:\/\/seetravels.com.ar\/web\/wp-content\/uploads\/2023\/02\/Cervantes-II.jpg 800w, https:\/\/seetravels.com.ar\/web\/wp-content\/uploads\/2023\/02\/Cervantes-II-300x200.jpg 300w, https:\/\/seetravels.com.ar\/web\/wp-content\/uploads\/2023\/02\/Cervantes-II-768x511.jpg 768w\" sizes=\"(max-width: 800px) 100vw, 800px\" \/><\/figure>\n\n\n\n<figure class=\"wp-block-image size-large\"><img decoding=\"async\" loading=\"lazy\" width=\"650\" height=\"433\" data-id=\"2824\" src=\"https:\/\/seetravels.com.ar\/web\/wp-content\/uploads\/2023\/02\/Cervantes-III.jpg\" alt=\"\" class=\"wp-image-2824\" srcset=\"https:\/\/seetravels.com.ar\/web\/wp-content\/uploads\/2023\/02\/Cervantes-III.jpg 650w, https:\/\/seetravels.com.ar\/web\/wp-content\/uploads\/2023\/02\/Cervantes-III-300x200.jpg 300w\" sizes=\"(max-width: 650px) 100vw, 650px\" \/><\/figure>\n<\/figure>\n\n\n\n<figure class=\"wp-block-table\"><table><tbody><tr><td>Hotel<\/td><td>Salida<strong><em><br>11 de Junio 2026 <\/em><\/strong><br><strong><em>Feriado Largo<\/em><\/strong><br><br><em><strong>(03 noches)<\/strong><\/em><\/td><td>Salidas<strong><em><br>07 y 13 de Julio<br>Vacaciones Invierno<\/em><\/strong><br><br><em><strong>(04 noches)<\/strong><\/em><\/td><\/tr><tr><td><strong><em><a rel=\"noreferrer noopener\" href=\"https:\/\/www.sanremohotel.com.ar\/\" data-type=\"link\" data-id=\"https:\/\/www.sanremohotel.com.ar\/\" target=\"_blank\">Hotel San Remo **<\/a><\/em><\/strong><\/td><td>$330.000 + $45.000 IVA<br><strong><em>Precio final $ 375.000<\/em><\/strong><br><br><em>Incluye Media Pensi\u00f3n<\/em><\/td><td>$421.000 + $59.000 IVA<br><strong><em>Precio final $ 480.000<\/em><\/strong><br><br><em>Incluye Media Pensi\u00f3n<\/em><\/td><\/tr><tr><td><strong><em><a rel=\"noreferrer noopener\" href=\"https:\/\/ariosto.net\/\" data-type=\"link\" data-id=\"https:\/\/ariosto.net\/\" target=\"_blank\">Hotel Ariosto **<\/a><\/em><\/strong><\/td><td>$297.000 + $38.000 IVA<br><strong><em>Precio final $ 335.000<\/em><\/strong><br><br><em>con Desayuno<\/em><\/td><td>$370.000 + $50.000 IVA<br><strong><em>Precio final $ 420.000<\/em><\/strong><br><br><em>con Desayuno<\/em><\/td><\/tr><tr><td><strong><em><a rel=\"noreferrer noopener\" href=\"https:\/\/hotelsanmartinmendoza.com\/\" data-type=\"link\" data-id=\"https:\/\/hotelsanmartinmendoza.com\/\" target=\"_blank\">Hotel San Mart\u00edn ***<\/a><\/em><\/strong><\/td><td>$318.000 + $42.000 IVA<br><strong><em>Precio final $ 360.000<\/em><\/strong><br><br><em>con Desayuno<\/em><\/td><td>$387.000 + $53.000 IVA<br><strong><em>Precio final $ 440.000<\/em><\/strong><br><br><em>con Desayuno<\/em><\/td><\/tr><tr><td><strong><em><a rel=\"noreferrer noopener\" href=\"https:\/\/hotelcervantes.com.ar\/\" data-type=\"link\" data-id=\"https:\/\/hotelcervantes.com.ar\/\" target=\"_blank\">Hotel Cervantes ***<\/a><\/em><\/strong><\/td><td>$318.000 + $42.000 IVA<br><strong><em>Precio final $ 360.000<\/em><\/strong><br><br><em>con Desayuno<\/em><\/td><td><em>En breve&#8230;<\/em><\/td><\/tr><\/tbody><\/table><figcaption class=\"wp-element-caption\"><strong><em>Adic. 2% Gastos de Reserva \u2013 Solo Pago 100% congela la tarifa<\/em><\/strong><\/figcaption><\/figure>\n\n\n\n<p>Tarifas Sujeta a modificaci\u00f3n sin previo aviso<\/p>\n\n\n\n<p>Posibilidad pasajeros a compartir (Consultar)<br>Single 70% recargo neto (Consultar disponibilidad)<\/p>\n\n\n\n<figure class=\"wp-block-gallery has-nested-images columns-default is-cropped wp-block-gallery-9 is-layout-flex wp-block-gallery-is-layout-flex\">\n<figure class=\"wp-block-image size-large\"><img decoding=\"async\" loading=\"lazy\" width=\"1024\" height=\"1024\" data-id=\"4659\" src=\"https:\/\/seetravels.com.ar\/web\/wp-content\/uploads\/2026\/04\/Mendoza-Junio-1024x1024.png\" alt=\"\" class=\"wp-image-4659\" srcset=\"https:\/\/seetravels.com.ar\/web\/wp-content\/uploads\/2026\/04\/Mendoza-Junio-1024x1024.png 1024w, https:\/\/seetravels.com.ar\/web\/wp-content\/uploads\/2026\/04\/Mendoza-Junio-300x300.png 300w, https:\/\/seetravels.com.ar\/web\/wp-content\/uploads\/2026\/04\/Mendoza-Junio-150x150.png 150w, https:\/\/seetravels.com.ar\/web\/wp-content\/uploads\/2026\/04\/Mendoza-Junio-768x768.png 768w, https:\/\/seetravels.com.ar\/web\/wp-content\/uploads\/2026\/04\/Mendoza-Junio.png 1080w\" sizes=\"(max-width: 1024px) 100vw, 1024px\" \/><\/figure>\n<\/figure>\n\n\n\n<figure class=\"wp-block-image size-large\"><img decoding=\"async\" loading=\"lazy\" width=\"1024\" height=\"1024\" src=\"https:\/\/seetravels.com.ar\/web\/wp-content\/uploads\/2026\/04\/Mendoza-Bus-Julio-1024x1024.png\" alt=\"\" class=\"wp-image-4660\" srcset=\"https:\/\/seetravels.com.ar\/web\/wp-content\/uploads\/2026\/04\/Mendoza-Bus-Julio-1024x1024.png 1024w, https:\/\/seetravels.com.ar\/web\/wp-content\/uploads\/2026\/04\/Mendoza-Bus-Julio-300x300.png 300w, https:\/\/seetravels.com.ar\/web\/wp-content\/uploads\/2026\/04\/Mendoza-Bus-Julio-150x150.png 150w, https:\/\/seetravels.com.ar\/web\/wp-content\/uploads\/2026\/04\/Mendoza-Bus-Julio-768x768.png 768w, https:\/\/seetravels.com.ar\/web\/wp-content\/uploads\/2026\/04\/Mendoza-Bus-Julio.png 1080w\" sizes=\"(max-width: 1024px) 100vw, 1024px\" \/><\/figure>\n","protected":false},"excerpt":{"rendered":"<p>Salidas 11 de Junio, 07 y 13 de Julio de 2026<\/p>\n","protected":false},"author":2,"featured_media":3876,"comment_status":"closed","ping_status":"closed","sticky":false,"template":"","format":"standard","meta":{"footnotes":""},"categories":[14],"tags":[124,24,110],"_links":{"self":[{"href":"https:\/\/seetravels.com.ar\/web\/wp-json\/wp\/v2\/posts\/4476"}],"collection":[{"href":"https:\/\/seetravels.com.ar\/web\/wp-json\/wp\/v2\/posts"}],"about":[{"href":"https:\/\/seetravels.com.ar\/web\/wp-json\/wp\/v2\/types\/post"}],"author":[{"embeddable":true,"href":"https:\/\/seetravels.com.ar\/web\/wp-json\/wp\/v2\/users\/2"}],"replies":[{"embeddable":true,"href":"https:\/\/seetravels.com.ar\/web\/wp-json\/wp\/v2\/comments?post=4476"}],"version-history":[{"count":22,"href":"https:\/\/seetravels.com.ar\/web\/wp-json\/wp\/v2\/posts\/4476\/revisions"}],"predecessor-version":[{"id":4662,"href":"https:\/\/seetravels.com.ar\/web\/wp-json\/wp\/v2\/posts\/4476\/revisions\/4662"}],"wp:featuredmedia":[{"embeddable":true,"href":"https:\/\/seetravels.com.ar\/web\/wp-json\/wp\/v2\/media\/3876"}],"wp:attachment":[{"href":"https:\/\/seetravels.com.ar\/web\/wp-json\/wp\/v2\/media?parent=4476"}],"wp:term":[{"taxonomy":"category","embeddable":true,"href":"https:\/\/seetravels.com.ar\/web\/wp-json\/wp\/v2\/categories?post=4476"},{"taxonomy":"post_tag","embeddable":true,"href":"https:\/\/seetravels.com.ar\/web\/wp-json\/wp\/v2\/tags?post=4476"}],"curies":[{"name":"wp","href":"https:\/\/api.w.org\/{rel}","templated":true}]}}